{"id":5251,"date":"2018-04-09T16:50:43","date_gmt":"2018-04-09T16:50:43","guid":{"rendered":"http:\/\/fotogasteiz.com\/blog\/?p=5251"},"modified":"2018-04-09T16:50:43","modified_gmt":"2018-04-09T16:50:43","slug":"postales-fotografias-muralla-avila","status":"publish","type":"post","link":"https:\/\/fotogasteiz.com\/blog\/postales-fotografias-muralla-avila\/","title":{"rendered":"Postales desde la muralla de \u00c1vila en Sepia"},"content":{"rendered":"<p>Esta serie de fotograf\u00edas fue tomada durante una ma\u00f1ana fotogr\u00e1fica en la ciudad de \u00c1vila (Castilla y Le\u00f3n) este mes de abril.<\/p>\n<p>Las fotograf\u00edas fueron tomadas en raw y reveladas despu\u00e9s.<\/p>\n<p><strong>Equipo utilizado:<\/strong><\/p>\n<p><strong>C\u00e1mara: <\/strong>Nikon D850<\/p>\n<p><strong>Configuraci\u00f3n:\u00a0<\/strong>Modo prioridad a la apertura, diafragma variable e ISO 64.<\/p>\n<p><strong>Objetivos:<\/strong> Voigtl\u00e4nder 28mm f\/2.8 SL (enfoque manual) y Voigtl\u00e4nder 40mm f\/2 SL-II (enfoque manual)<\/p>\n<p><strong>Comentarios:<\/strong><\/p>\n<p>Las fotos fueron tomadas en raw y reveladas en Adobe Lightroom en monocromo con virado a sepia en las luces y las sombras, alto contraste y algo de grano y vi\u00f1eteado a\u00f1adidos para dar un efecto antiguo.<\/p>\n<p>El enfoque de la serie era dar un aire antiguo a las fotograf\u00edas, cuyo color original era demasiado homog\u00e9neo y la luz muy dura.<\/p>\n<p>Se ha evitado en la medida de lo posible incluir elementos modernos en los encuadres para dar una sensaci\u00f3n m\u00e1s aut\u00e9ntica de antig\u00fcedad.<\/p>\n<p><img decoding=\"async\" class=\"alignnone size-large wp-image-5259 lazyload\" data-src=\"http:\/\/fotogasteiz.com\/blog\/wp-content\/smush-avif\/2018\/04\/ftg6154-683x1024.jpg.avif\" alt=\"\" width=\"600\" height=\"900\" data-srcset=\"https:\/\/fotogasteiz.com\/blog\/wp-content\/smush-avif\/2018\/04\/ftg6154-683x1024.jpg.avif 683w, https:\/\/fotogasteiz.com\/blog\/wp-content\/smush-avif\/2018\/04\/ftg6154-200x300.jpg.avif 200w, https:\/\/fotogasteiz.com\/blog\/wp-content\/smush-avif\/2018\/04\/ftg6154-768x1152.jpg.avif 768w, https:\/\/fotogasteiz.com\/blog\/wp-content\/smush-avif\/2018\/04\/ftg6154-1240x1860.jpg.avif 1240w, https:\/\/fotogasteiz.com\/blog\/wp-content\/smush-avif\/2018\/04\/ftg6154-508x762.jpg.avif 508w, https:\/\/fotogasteiz.com\/blog\/wp-content\/uploads\/2018\/04\/ftg6154.jpg 1500w\" data-sizes=\"(max-width: 600px) 100vw, 600px\" src=\"data:image\/svg+xml;base64,PHN2ZyB3aWR0aD0iMSIgaGVpZ2h0PSIxIiB4bWxucz0iaHR0cDovL3d3dy53My5vcmcvMjAwMC9zdmciPjwvc3ZnPg==\" style=\"--smush-placeholder-width: 600px; --smush-placeholder-aspect-ratio: 600\/900;\" \/><img decoding=\"async\" class=\"alignnone size-large wp-image-5260 lazyload\" data-src=\"http:\/\/fotogasteiz.com\/blog\/wp-content\/smush-avif\/2018\/04\/ftg6158-1024x773.jpg.avif\" alt=\"\" width=\"600\" height=\"453\" data-srcset=\"https:\/\/fotogasteiz.com\/blog\/wp-content\/smush-avif\/2018\/04\/ftg6158-1024x773.jpg.avif 1024w, https:\/\/fotogasteiz.com\/blog\/wp-content\/smush-avif\/2018\/04\/ftg6158-300x227.jpg.avif 300w, https:\/\/fotogasteiz.com\/blog\/wp-content\/smush-avif\/2018\/04\/ftg6158-768x580.jpg.avif 768w, https:\/\/fotogasteiz.com\/blog\/wp-content\/smush-avif\/2018\/04\/ftg6158-1240x937.jpg.avif 1240w, https:\/\/fotogasteiz.com\/blog\/wp-content\/smush-avif\/2018\/04\/ftg6158-508x384.jpg.avif 508w, https:\/\/fotogasteiz.com\/blog\/wp-content\/uploads\/2018\/04\/ftg6158.jpg 1500w\" data-sizes=\"(max-width: 600px) 100vw, 600px\" src=\"data:image\/svg+xml;base64,PHN2ZyB3aWR0aD0iMSIgaGVpZ2h0PSIxIiB4bWxucz0iaHR0cDovL3d3dy53My5vcmcvMjAwMC9zdmciPjwvc3ZnPg==\" style=\"--smush-placeholder-width: 600px; --smush-placeholder-aspect-ratio: 600\/453;\" \/><img decoding=\"async\" class=\"alignnone size-large wp-image-5264 lazyload\" data-src=\"http:\/\/fotogasteiz.com\/blog\/wp-content\/smush-avif\/2018\/04\/ftg6167-683x1024.jpg.avif\" alt=\"\" width=\"600\" height=\"900\" data-srcset=\"https:\/\/fotogasteiz.com\/blog\/wp-content\/smush-avif\/2018\/04\/ftg6167-683x1024.jpg.avif 683w, https:\/\/fotogasteiz.com\/blog\/wp-content\/smush-avif\/2018\/04\/ftg6167-200x300.jpg.avif 200w, https:\/\/fotogasteiz.com\/blog\/wp-content\/smush-avif\/2018\/04\/ftg6167-768x1152.jpg.avif 768w, https:\/\/fotogasteiz.com\/blog\/wp-content\/smush-avif\/2018\/04\/ftg6167-1240x1860.jpg.avif 1240w, https:\/\/fotogasteiz.com\/blog\/wp-content\/smush-avif\/2018\/04\/ftg6167-508x762.jpg.avif 508w, https:\/\/fotogasteiz.com\/blog\/wp-content\/uploads\/2018\/04\/ftg6167.jpg 1500w\" data-sizes=\"(max-width: 600px) 100vw, 600px\" src=\"data:image\/svg+xml;base64,PHN2ZyB3aWR0aD0iMSIgaGVpZ2h0PSIxIiB4bWxucz0iaHR0cDovL3d3dy53My5vcmcvMjAwMC9zdmciPjwvc3ZnPg==\" style=\"--smush-placeholder-width: 600px; --smush-placeholder-aspect-ratio: 600\/900;\" \/><img decoding=\"async\" class=\"alignnone size-large wp-image-5261 lazyload\" data-src=\"http:\/\/fotogasteiz.com\/blog\/wp-content\/smush-avif\/2018\/04\/ftg6159-1024x683.jpg.avif\" alt=\"\" width=\"600\" height=\"400\" data-srcset=\"https:\/\/fotogasteiz.com\/blog\/wp-content\/smush-avif\/2018\/04\/ftg6159-1024x683.jpg.avif 1024w, https:\/\/fotogasteiz.com\/blog\/wp-content\/smush-avif\/2018\/04\/ftg6159-300x200.jpg.avif 300w, https:\/\/fotogasteiz.com\/blog\/wp-content\/smush-avif\/2018\/04\/ftg6159-768x512.jpg.avif 768w, https:\/\/fotogasteiz.com\/blog\/wp-content\/smush-avif\/2018\/04\/ftg6159-1240x827.jpg.avif 1240w, https:\/\/fotogasteiz.com\/blog\/wp-content\/smush-avif\/2018\/04\/ftg6159-508x339.jpg.avif 508w, https:\/\/fotogasteiz.com\/blog\/wp-content\/uploads\/2018\/04\/ftg6159.jpg 1500w\" data-sizes=\"(max-width: 600px) 100vw, 600px\" src=\"data:image\/svg+xml;base64,PHN2ZyB3aWR0aD0iMSIgaGVpZ2h0PSIxIiB4bWxucz0iaHR0cDovL3d3dy53My5vcmcvMjAwMC9zdmciPjwvc3ZnPg==\" style=\"--smush-placeholder-width: 600px; --smush-placeholder-aspect-ratio: 600\/400;\" \/> <img decoding=\"async\" class=\"alignnone size-large wp-image-5266 lazyload\" data-src=\"http:\/\/fotogasteiz.com\/blog\/wp-content\/smush-avif\/2018\/04\/ftg6174-1024x683.jpg.avif\" alt=\"\" width=\"600\" height=\"400\" data-srcset=\"https:\/\/fotogasteiz.com\/blog\/wp-content\/smush-avif\/2018\/04\/ftg6174-1024x683.jpg.avif 1024w, https:\/\/fotogasteiz.com\/blog\/wp-content\/smush-avif\/2018\/04\/ftg6174-300x200.jpg.avif 300w, https:\/\/fotogasteiz.com\/blog\/wp-content\/smush-avif\/2018\/04\/ftg6174-768x512.jpg.avif 768w, https:\/\/fotogasteiz.com\/blog\/wp-content\/smush-avif\/2018\/04\/ftg6174-1240x827.jpg.avif 1240w, https:\/\/fotogasteiz.com\/blog\/wp-content\/smush-avif\/2018\/04\/ftg6174-508x339.jpg.avif 508w, https:\/\/fotogasteiz.com\/blog\/wp-content\/uploads\/2018\/04\/ftg6174.jpg 1500w\" data-sizes=\"(max-width: 600px) 100vw, 600px\" src=\"data:image\/svg+xml;base64,PHN2ZyB3aWR0aD0iMSIgaGVpZ2h0PSIxIiB4bWxucz0iaHR0cDovL3d3dy53My5vcmcvMjAwMC9zdmciPjwvc3ZnPg==\" style=\"--smush-placeholder-width: 600px; --smush-placeholder-aspect-ratio: 600\/400;\" \/> <img decoding=\"async\" class=\"alignnone size-large wp-image-5258 lazyload\" data-src=\"http:\/\/fotogasteiz.com\/blog\/wp-content\/smush-avif\/2018\/04\/ftg6153-1024x683.jpg.avif\" alt=\"\" width=\"600\" height=\"400\" data-srcset=\"https:\/\/fotogasteiz.com\/blog\/wp-content\/smush-avif\/2018\/04\/ftg6153-1024x683.jpg.avif 1024w, https:\/\/fotogasteiz.com\/blog\/wp-content\/smush-avif\/2018\/04\/ftg6153-300x200.jpg.avif 300w, https:\/\/fotogasteiz.com\/blog\/wp-content\/smush-avif\/2018\/04\/ftg6153-768x512.jpg.avif 768w, https:\/\/fotogasteiz.com\/blog\/wp-content\/smush-avif\/2018\/04\/ftg6153-1240x827.jpg.avif 1240w, https:\/\/fotogasteiz.com\/blog\/wp-content\/smush-avif\/2018\/04\/ftg6153-508x339.jpg.avif 508w, https:\/\/fotogasteiz.com\/blog\/wp-content\/uploads\/2018\/04\/ftg6153.jpg 1500w\" data-sizes=\"(max-width: 600px) 100vw, 600px\" src=\"data:image\/svg+xml;base64,PHN2ZyB3aWR0aD0iMSIgaGVpZ2h0PSIxIiB4bWxucz0iaHR0cDovL3d3dy53My5vcmcvMjAwMC9zdmciPjwvc3ZnPg==\" style=\"--smush-placeholder-width: 600px; --smush-placeholder-aspect-ratio: 600\/400;\" \/> <img decoding=\"async\" class=\"alignnone size-large wp-image-5257 lazyload\" data-src=\"http:\/\/fotogasteiz.com\/blog\/wp-content\/smush-avif\/2018\/04\/ftg6152-683x1024.jpg.avif\" alt=\"\" width=\"600\" height=\"900\" data-srcset=\"https:\/\/fotogasteiz.com\/blog\/wp-content\/smush-avif\/2018\/04\/ftg6152-683x1024.jpg.avif 683w, https:\/\/fotogasteiz.com\/blog\/wp-content\/smush-avif\/2018\/04\/ftg6152-200x300.jpg.avif 200w, https:\/\/fotogasteiz.com\/blog\/wp-content\/smush-avif\/2018\/04\/ftg6152-768x1152.jpg.avif 768w, https:\/\/fotogasteiz.com\/blog\/wp-content\/smush-avif\/2018\/04\/ftg6152-1240x1860.jpg.avif 1240w, https:\/\/fotogasteiz.com\/blog\/wp-content\/smush-avif\/2018\/04\/ftg6152-508x762.jpg.avif 508w, https:\/\/fotogasteiz.com\/blog\/wp-content\/uploads\/2018\/04\/ftg6152.jpg 1500w\" data-sizes=\"(max-width: 600px) 100vw, 600px\" src=\"data:image\/svg+xml;base64,PHN2ZyB3aWR0aD0iMSIgaGVpZ2h0PSIxIiB4bWxucz0iaHR0cDovL3d3dy53My5vcmcvMjAwMC9zdmciPjwvc3ZnPg==\" style=\"--smush-placeholder-width: 600px; --smush-placeholder-aspect-ratio: 600\/900;\" \/><img decoding=\"async\" class=\"alignnone size-large wp-image-5255 lazyload\" data-src=\"http:\/\/fotogasteiz.com\/blog\/wp-content\/smush-avif\/2018\/04\/ftg6144-1024x683.jpg.avif\" alt=\"\" width=\"600\" height=\"400\" data-srcset=\"https:\/\/fotogasteiz.com\/blog\/wp-content\/smush-avif\/2018\/04\/ftg6144-1024x683.jpg.avif 1024w, https:\/\/fotogasteiz.com\/blog\/wp-content\/smush-avif\/2018\/04\/ftg6144-300x200.jpg.avif 300w, https:\/\/fotogasteiz.com\/blog\/wp-content\/smush-avif\/2018\/04\/ftg6144-768x512.jpg.avif 768w, https:\/\/fotogasteiz.com\/blog\/wp-content\/smush-avif\/2018\/04\/ftg6144-1240x827.jpg.avif 1240w, https:\/\/fotogasteiz.com\/blog\/wp-content\/smush-avif\/2018\/04\/ftg6144-508x339.jpg.avif 508w, https:\/\/fotogasteiz.com\/blog\/wp-content\/uploads\/2018\/04\/ftg6144.jpg 1500w\" data-sizes=\"(max-width: 600px) 100vw, 600px\" src=\"data:image\/svg+xml;base64,PHN2ZyB3aWR0aD0iMSIgaGVpZ2h0PSIxIiB4bWxucz0iaHR0cDovL3d3dy53My5vcmcvMjAwMC9zdmciPjwvc3ZnPg==\" style=\"--smush-placeholder-width: 600px; --smush-placeholder-aspect-ratio: 600\/400;\" \/><img decoding=\"async\" class=\"alignnone size-large wp-image-5254 lazyload\" data-src=\"http:\/\/fotogasteiz.com\/blog\/wp-content\/smush-avif\/2018\/04\/ftg6135-683x1024.jpg.avif\" alt=\"\" width=\"600\" height=\"900\" data-srcset=\"https:\/\/fotogasteiz.com\/blog\/wp-content\/smush-avif\/2018\/04\/ftg6135-683x1024.jpg.avif 683w, https:\/\/fotogasteiz.com\/blog\/wp-content\/smush-avif\/2018\/04\/ftg6135-200x300.jpg.avif 200w, https:\/\/fotogasteiz.com\/blog\/wp-content\/smush-avif\/2018\/04\/ftg6135-768x1152.jpg.avif 768w, https:\/\/fotogasteiz.com\/blog\/wp-content\/smush-avif\/2018\/04\/ftg6135-1240x1860.jpg.avif 1240w, https:\/\/fotogasteiz.com\/blog\/wp-content\/smush-avif\/2018\/04\/ftg6135-508x762.jpg.avif 508w, https:\/\/fotogasteiz.com\/blog\/wp-content\/uploads\/2018\/04\/ftg6135.jpg 1500w\" data-sizes=\"(max-width: 600px) 100vw, 600px\" src=\"data:image\/svg+xml;base64,PHN2ZyB3aWR0aD0iMSIgaGVpZ2h0PSIxIiB4bWxucz0iaHR0cDovL3d3dy53My5vcmcvMjAwMC9zdmciPjwvc3ZnPg==\" style=\"--smush-placeholder-width: 600px; --smush-placeholder-aspect-ratio: 600\/900;\" \/><img decoding=\"async\" class=\"alignnone size-large wp-image-5253 lazyload\" data-src=\"http:\/\/fotogasteiz.com\/blog\/wp-content\/smush-avif\/2018\/04\/ftg6133-1024x683.jpg.avif\" alt=\"\" width=\"600\" height=\"400\" data-srcset=\"https:\/\/fotogasteiz.com\/blog\/wp-content\/smush-avif\/2018\/04\/ftg6133-1024x683.jpg.avif 1024w, https:\/\/fotogasteiz.com\/blog\/wp-content\/smush-avif\/2018\/04\/ftg6133-300x200.jpg.avif 300w, https:\/\/fotogasteiz.com\/blog\/wp-content\/smush-avif\/2018\/04\/ftg6133-768x512.jpg.avif 768w, https:\/\/fotogasteiz.com\/blog\/wp-content\/smush-avif\/2018\/04\/ftg6133-1240x827.jpg.avif 1240w, https:\/\/fotogasteiz.com\/blog\/wp-content\/smush-avif\/2018\/04\/ftg6133-508x339.jpg.avif 508w, https:\/\/fotogasteiz.com\/blog\/wp-content\/uploads\/2018\/04\/ftg6133.jpg 1500w\" data-sizes=\"(max-width: 600px) 100vw, 600px\" src=\"data:image\/svg+xml;base64,PHN2ZyB3aWR0aD0iMSIgaGVpZ2h0PSIxIiB4bWxucz0iaHR0cDovL3d3dy53My5vcmcvMjAwMC9zdmciPjwvc3ZnPg==\" style=\"--smush-placeholder-width: 600px; --smush-placeholder-aspect-ratio: 600\/400;\" \/><img decoding=\"async\" class=\"alignnone size-large wp-image-5265 lazyload\" data-src=\"http:\/\/fotogasteiz.com\/blog\/wp-content\/smush-avif\/2018\/04\/ftg6172-683x1024.jpg.avif\" alt=\"\" width=\"600\" height=\"900\" data-srcset=\"https:\/\/fotogasteiz.com\/blog\/wp-content\/smush-avif\/2018\/04\/ftg6172-683x1024.jpg.avif 683w, https:\/\/fotogasteiz.com\/blog\/wp-content\/smush-avif\/2018\/04\/ftg6172-200x300.jpg.avif 200w, https:\/\/fotogasteiz.com\/blog\/wp-content\/smush-avif\/2018\/04\/ftg6172-768x1152.jpg.avif 768w, https:\/\/fotogasteiz.com\/blog\/wp-content\/smush-avif\/2018\/04\/ftg6172-1240x1860.jpg.avif 1240w, https:\/\/fotogasteiz.com\/blog\/wp-content\/smush-avif\/2018\/04\/ftg6172-508x762.jpg.avif 508w, https:\/\/fotogasteiz.com\/blog\/wp-content\/uploads\/2018\/04\/ftg6172.jpg 1500w\" data-sizes=\"(max-width: 600px) 100vw, 600px\" src=\"data:image\/svg+xml;base64,PHN2ZyB3aWR0aD0iMSIgaGVpZ2h0PSIxIiB4bWxucz0iaHR0cDovL3d3dy53My5vcmcvMjAwMC9zdmciPjwvc3ZnPg==\" style=\"--smush-placeholder-width: 600px; --smush-placeholder-aspect-ratio: 600\/900;\" \/> <img decoding=\"async\" class=\"alignnone size-large wp-image-5252 lazyload\" data-src=\"http:\/\/fotogasteiz.com\/blog\/wp-content\/smush-avif\/2018\/04\/ftg6132-1024x683.jpg.avif\" alt=\"\" width=\"600\" height=\"400\" data-srcset=\"https:\/\/fotogasteiz.com\/blog\/wp-content\/smush-avif\/2018\/04\/ftg6132-1024x683.jpg.avif 1024w, https:\/\/fotogasteiz.com\/blog\/wp-content\/smush-avif\/2018\/04\/ftg6132-300x200.jpg.avif 300w, https:\/\/fotogasteiz.com\/blog\/wp-content\/smush-avif\/2018\/04\/ftg6132-768x512.jpg.avif 768w, https:\/\/fotogasteiz.com\/blog\/wp-content\/smush-avif\/2018\/04\/ftg6132-1240x827.jpg.avif 1240w, https:\/\/fotogasteiz.com\/blog\/wp-content\/smush-avif\/2018\/04\/ftg6132-508x339.jpg.avif 508w, https:\/\/fotogasteiz.com\/blog\/wp-content\/uploads\/2018\/04\/ftg6132.jpg 1500w\" data-sizes=\"(max-width: 600px) 100vw, 600px\" src=\"data:image\/svg+xml;base64,PHN2ZyB3aWR0aD0iMSIgaGVpZ2h0PSIxIiB4bWxucz0iaHR0cDovL3d3dy53My5vcmcvMjAwMC9zdmciPjwvc3ZnPg==\" style=\"--smush-placeholder-width: 600px; --smush-placeholder-aspect-ratio: 600\/400;\" \/><img decoding=\"async\" class=\"alignnone size-large wp-image-5263 lazyload\" data-src=\"http:\/\/fotogasteiz.com\/blog\/wp-content\/smush-avif\/2018\/04\/ftg6161-683x1024.jpg.avif\" alt=\"\" width=\"600\" height=\"900\" data-srcset=\"https:\/\/fotogasteiz.com\/blog\/wp-content\/smush-avif\/2018\/04\/ftg6161-683x1024.jpg.avif 683w, https:\/\/fotogasteiz.com\/blog\/wp-content\/smush-avif\/2018\/04\/ftg6161-200x300.jpg.avif 200w, https:\/\/fotogasteiz.com\/blog\/wp-content\/smush-avif\/2018\/04\/ftg6161-768x1152.jpg.avif 768w, https:\/\/fotogasteiz.com\/blog\/wp-content\/smush-avif\/2018\/04\/ftg6161-1240x1860.jpg.avif 1240w, https:\/\/fotogasteiz.com\/blog\/wp-content\/smush-avif\/2018\/04\/ftg6161-508x762.jpg.avif 508w, https:\/\/fotogasteiz.com\/blog\/wp-content\/uploads\/2018\/04\/ftg6161.jpg 1500w\" data-sizes=\"(max-width: 600px) 100vw, 600px\" src=\"data:image\/svg+xml;base64,PHN2ZyB3aWR0aD0iMSIgaGVpZ2h0PSIxIiB4bWxucz0iaHR0cDovL3d3dy53My5vcmcvMjAwMC9zdmciPjwvc3ZnPg==\" style=\"--smush-placeholder-width: 600px; --smush-placeholder-aspect-ratio: 600\/900;\" \/><\/p>\n","protected":false},"excerpt":{"rendered":"<p>Esta serie de fotograf\u00edas fue tomada durante una ma\u00f1ana fotogr\u00e1fica en la ciudad de \u00c1vila (Castilla y Le\u00f3n) este mes de abril. Las fotograf\u00edas fueron tomadas en raw y reveladas despu\u00e9s. Equipo utilizado: C\u00e1mara: Nikon D850 Configuraci\u00f3n:\u00a0Modo prioridad a la apertura, diafragma variable e ISO 64. Objetivos: Voigtl\u00e4nder 28mm f\/2.8 SL (enfoque manual) y Voigtl\u00e4nder&hellip; <br \/> <a class=\"read-more\" href=\"https:\/\/fotogasteiz.com\/blog\/postales-fotografias-muralla-avila\/\">Read more<\/a><\/p>\n","protected":false},"author":1,"featured_media":5256,"comment_status":"open","ping_status":"open","sticky":false,"template":"","format":"standard","meta":{"footnotes":""},"categories":[5],"tags":[365,362,367,30,68,366,361,368,369,364],"class_list":["post-5251","post","type-post","status-publish","format-standard","has-post-thumbnail","hentry","category-experimentos","tag-28mm","tag-40mm-f2","tag-antiguo","tag-arquitectura","tag-avila","tag-castilla-y-leon","tag-d850","tag-efectos","tag-muralla","tag-sepia"],"yoast_head":"<!-- This site is optimized with the Yoast SEO Premium plugin v22.5 (Yoast SEO v27.5) - https:\/\/yoast.com\/product\/yoast-seo-premium-wordpress\/ -->\n<title>Postales desde la muralla de \u00c1vila en Sepia - Profesor de fotograf\u00eda<\/title>\n<meta name=\"robots\" content=\"index, follow, max-snippet:-1, max-image-preview:large, max-video-preview:-1\" \/>\n<link rel=\"canonical\" href=\"https:\/\/fotogasteiz.com\/blog\/postales-fotografias-muralla-avila\/\" \/>\n<meta property=\"og:locale\" content=\"es_ES\" \/>\n<meta property=\"og:type\" content=\"article\" \/>\n<meta property=\"og:title\" content=\"Postales desde la muralla de \u00c1vila en Sepia\" \/>\n<meta property=\"og:description\" content=\"Esta serie de fotograf\u00edas fue tomada durante una ma\u00f1ana fotogr\u00e1fica en la ciudad de \u00c1vila (Castilla y Le\u00f3n) este mes de abril. Las fotograf\u00edas fueron tomadas en raw y reveladas despu\u00e9s. Equipo utilizado: C\u00e1mara: Nikon D850 Configuraci\u00f3n:\u00a0Modo prioridad a la apertura, diafragma variable e ISO 64. Objetivos: Voigtl\u00e4nder 28mm f\/2.8 SL (enfoque manual) y Voigtl\u00e4nder&hellip; Read more\" \/>\n<meta property=\"og:url\" content=\"https:\/\/fotogasteiz.com\/blog\/postales-fotografias-muralla-avila\/\" \/>\n<meta property=\"og:site_name\" content=\"Profesor de fotograf\u00eda\" \/>\n<meta property=\"article:published_time\" content=\"2018-04-09T16:50:43+00:00\" \/>\n<meta property=\"og:image\" content=\"https:\/\/i1.wp.com\/fotogasteiz.com\/blog\/wp-content\/uploads\/2018\/04\/ftg6150.jpg?fit=1500%2C1000&ssl=1\" \/>\n\t<meta property=\"og:image:width\" content=\"1500\" \/>\n\t<meta property=\"og:image:height\" content=\"1000\" \/>\n\t<meta property=\"og:image:type\" content=\"image\/jpeg\" \/>\n<meta name=\"author\" content=\"G. Bravo\" \/>\n<meta name=\"twitter:card\" content=\"summary_large_image\" \/>\n<meta name=\"twitter:label1\" content=\"Escrito por\" \/>\n\t<meta name=\"twitter:data1\" content=\"G. Bravo\" \/>\n\t<meta name=\"twitter:label2\" content=\"Tiempo de lectura\" \/>\n\t<meta name=\"twitter:data2\" content=\"1 minuto\" \/>\n<script type=\"application\/ld+json\" class=\"yoast-schema-graph\">{\"@context\":\"https:\\\/\\\/schema.org\",\"@graph\":[{\"@type\":\"Article\",\"@id\":\"https:\\\/\\\/fotogasteiz.com\\\/blog\\\/postales-fotografias-muralla-avila\\\/#article\",\"isPartOf\":{\"@id\":\"https:\\\/\\\/fotogasteiz.com\\\/blog\\\/postales-fotografias-muralla-avila\\\/\"},\"author\":{\"name\":\"G. Bravo\",\"@id\":\"https:\\\/\\\/fotogasteiz.com\\\/blog\\\/#\\\/schema\\\/person\\\/386b1e39d61a4fd2da1f690fd4ec7799\"},\"headline\":\"Postales desde la muralla de \u00c1vila en Sepia\",\"datePublished\":\"2018-04-09T16:50:43+00:00\",\"mainEntityOfPage\":{\"@id\":\"https:\\\/\\\/fotogasteiz.com\\\/blog\\\/postales-fotografias-muralla-avila\\\/\"},\"wordCount\":171,\"commentCount\":1,\"image\":{\"@id\":\"https:\\\/\\\/fotogasteiz.com\\\/blog\\\/postales-fotografias-muralla-avila\\\/#primaryimage\"},\"thumbnailUrl\":\"https:\\\/\\\/fotogasteiz.com\\\/blog\\\/wp-content\\\/uploads\\\/2018\\\/04\\\/ftg6150.jpg\",\"keywords\":[\"28mm\",\"40mm f2\",\"antiguo\",\"arquitectura\",\"avila\",\"castilla y le\u00f3n\",\"d850\",\"efectos\",\"muralla\",\"sepia\"],\"articleSection\":[\"Experimentos\"],\"inLanguage\":\"es\",\"potentialAction\":[{\"@type\":\"CommentAction\",\"name\":\"Comment\",\"target\":[\"https:\\\/\\\/fotogasteiz.com\\\/blog\\\/postales-fotografias-muralla-avila\\\/#respond\"]}]},{\"@type\":\"WebPage\",\"@id\":\"https:\\\/\\\/fotogasteiz.com\\\/blog\\\/postales-fotografias-muralla-avila\\\/\",\"url\":\"https:\\\/\\\/fotogasteiz.com\\\/blog\\\/postales-fotografias-muralla-avila\\\/\",\"name\":\"Postales desde la muralla de \u00c1vila en Sepia - Profesor de fotograf\u00eda\",\"isPartOf\":{\"@id\":\"https:\\\/\\\/fotogasteiz.com\\\/blog\\\/#website\"},\"primaryImageOfPage\":{\"@id\":\"https:\\\/\\\/fotogasteiz.com\\\/blog\\\/postales-fotografias-muralla-avila\\\/#primaryimage\"},\"image\":{\"@id\":\"https:\\\/\\\/fotogasteiz.com\\\/blog\\\/postales-fotografias-muralla-avila\\\/#primaryimage\"},\"thumbnailUrl\":\"https:\\\/\\\/fotogasteiz.com\\\/blog\\\/wp-content\\\/uploads\\\/2018\\\/04\\\/ftg6150.jpg\",\"datePublished\":\"2018-04-09T16:50:43+00:00\",\"author\":{\"@id\":\"https:\\\/\\\/fotogasteiz.com\\\/blog\\\/#\\\/schema\\\/person\\\/386b1e39d61a4fd2da1f690fd4ec7799\"},\"breadcrumb\":{\"@id\":\"https:\\\/\\\/fotogasteiz.com\\\/blog\\\/postales-fotografias-muralla-avila\\\/#breadcrumb\"},\"inLanguage\":\"es\",\"potentialAction\":[{\"@type\":\"ReadAction\",\"target\":[\"https:\\\/\\\/fotogasteiz.com\\\/blog\\\/postales-fotografias-muralla-avila\\\/\"]}]},{\"@type\":\"ImageObject\",\"inLanguage\":\"es\",\"@id\":\"https:\\\/\\\/fotogasteiz.com\\\/blog\\\/postales-fotografias-muralla-avila\\\/#primaryimage\",\"url\":\"https:\\\/\\\/fotogasteiz.com\\\/blog\\\/wp-content\\\/uploads\\\/2018\\\/04\\\/ftg6150.jpg\",\"contentUrl\":\"https:\\\/\\\/fotogasteiz.com\\\/blog\\\/wp-content\\\/uploads\\\/2018\\\/04\\\/ftg6150.jpg\",\"width\":1500,\"height\":1000},{\"@type\":\"BreadcrumbList\",\"@id\":\"https:\\\/\\\/fotogasteiz.com\\\/blog\\\/postales-fotografias-muralla-avila\\\/#breadcrumb\",\"itemListElement\":[{\"@type\":\"ListItem\",\"position\":1,\"name\":\"Portada\",\"item\":\"https:\\\/\\\/fotogasteiz.com\\\/blog\\\/\"},{\"@type\":\"ListItem\",\"position\":2,\"name\":\"Postales desde la muralla de \u00c1vila en Sepia\"}]},{\"@type\":\"WebSite\",\"@id\":\"https:\\\/\\\/fotogasteiz.com\\\/blog\\\/#website\",\"url\":\"https:\\\/\\\/fotogasteiz.com\\\/blog\\\/\",\"name\":\"Profesor de fotograf\u00eda\",\"description\":\"por Gustavo Bravo\",\"potentialAction\":[{\"@type\":\"SearchAction\",\"target\":{\"@type\":\"EntryPoint\",\"urlTemplate\":\"https:\\\/\\\/fotogasteiz.com\\\/blog\\\/?s={search_term_string}\"},\"query-input\":{\"@type\":\"PropertyValueSpecification\",\"valueRequired\":true,\"valueName\":\"search_term_string\"}}],\"inLanguage\":\"es\"},{\"@type\":\"Person\",\"@id\":\"https:\\\/\\\/fotogasteiz.com\\\/blog\\\/#\\\/schema\\\/person\\\/386b1e39d61a4fd2da1f690fd4ec7799\",\"name\":\"G. Bravo\",\"image\":{\"@type\":\"ImageObject\",\"inLanguage\":\"es\",\"@id\":\"https:\\\/\\\/secure.gravatar.com\\\/avatar\\\/720f7abb2f92c551817b0af6bd3707495e3fa0095b60a26ffa4a0bad401d7f1c?s=96&d=mm&r=g\",\"url\":\"https:\\\/\\\/secure.gravatar.com\\\/avatar\\\/720f7abb2f92c551817b0af6bd3707495e3fa0095b60a26ffa4a0bad401d7f1c?s=96&d=mm&r=g\",\"contentUrl\":\"https:\\\/\\\/secure.gravatar.com\\\/avatar\\\/720f7abb2f92c551817b0af6bd3707495e3fa0095b60a26ffa4a0bad401d7f1c?s=96&d=mm&r=g\",\"caption\":\"G. Bravo\"}}]}<\/script>\n<!-- \/ Yoast SEO Premium plugin. -->","yoast_head_json":{"title":"Postales desde la muralla de \u00c1vila en Sepia - Profesor de fotograf\u00eda","robots":{"index":"index","follow":"follow","max-snippet":"max-snippet:-1","max-image-preview":"max-image-preview:large","max-video-preview":"max-video-preview:-1"},"canonical":"https:\/\/fotogasteiz.com\/blog\/postales-fotografias-muralla-avila\/","og_locale":"es_ES","og_type":"article","og_title":"Postales desde la muralla de \u00c1vila en Sepia","og_description":"Esta serie de fotograf\u00edas fue tomada durante una ma\u00f1ana fotogr\u00e1fica en la ciudad de \u00c1vila (Castilla y Le\u00f3n) este mes de abril. Las fotograf\u00edas fueron tomadas en raw y reveladas despu\u00e9s. Equipo utilizado: C\u00e1mara: Nikon D850 Configuraci\u00f3n:\u00a0Modo prioridad a la apertura, diafragma variable e ISO 64. Objetivos: Voigtl\u00e4nder 28mm f\/2.8 SL (enfoque manual) y Voigtl\u00e4nder&hellip; Read more","og_url":"https:\/\/fotogasteiz.com\/blog\/postales-fotografias-muralla-avila\/","og_site_name":"Profesor de fotograf\u00eda","article_published_time":"2018-04-09T16:50:43+00:00","og_image":[{"width":1500,"height":1000,"url":"https:\/\/i1.wp.com\/fotogasteiz.com\/blog\/wp-content\/uploads\/2018\/04\/ftg6150.jpg?fit=1500%2C1000&ssl=1","type":"image\/jpeg"}],"author":"G. Bravo","twitter_card":"summary_large_image","twitter_misc":{"Escrito por":"G. Bravo","Tiempo de lectura":"1 minuto"},"schema":{"@context":"https:\/\/schema.org","@graph":[{"@type":"Article","@id":"https:\/\/fotogasteiz.com\/blog\/postales-fotografias-muralla-avila\/#article","isPartOf":{"@id":"https:\/\/fotogasteiz.com\/blog\/postales-fotografias-muralla-avila\/"},"author":{"name":"G. Bravo","@id":"https:\/\/fotogasteiz.com\/blog\/#\/schema\/person\/386b1e39d61a4fd2da1f690fd4ec7799"},"headline":"Postales desde la muralla de \u00c1vila en Sepia","datePublished":"2018-04-09T16:50:43+00:00","mainEntityOfPage":{"@id":"https:\/\/fotogasteiz.com\/blog\/postales-fotografias-muralla-avila\/"},"wordCount":171,"commentCount":1,"image":{"@id":"https:\/\/fotogasteiz.com\/blog\/postales-fotografias-muralla-avila\/#primaryimage"},"thumbnailUrl":"https:\/\/fotogasteiz.com\/blog\/wp-content\/uploads\/2018\/04\/ftg6150.jpg","keywords":["28mm","40mm f2","antiguo","arquitectura","avila","castilla y le\u00f3n","d850","efectos","muralla","sepia"],"articleSection":["Experimentos"],"inLanguage":"es","potentialAction":[{"@type":"CommentAction","name":"Comment","target":["https:\/\/fotogasteiz.com\/blog\/postales-fotografias-muralla-avila\/#respond"]}]},{"@type":"WebPage","@id":"https:\/\/fotogasteiz.com\/blog\/postales-fotografias-muralla-avila\/","url":"https:\/\/fotogasteiz.com\/blog\/postales-fotografias-muralla-avila\/","name":"Postales desde la muralla de \u00c1vila en Sepia - Profesor de fotograf\u00eda","isPartOf":{"@id":"https:\/\/fotogasteiz.com\/blog\/#website"},"primaryImageOfPage":{"@id":"https:\/\/fotogasteiz.com\/blog\/postales-fotografias-muralla-avila\/#primaryimage"},"image":{"@id":"https:\/\/fotogasteiz.com\/blog\/postales-fotografias-muralla-avila\/#primaryimage"},"thumbnailUrl":"https:\/\/fotogasteiz.com\/blog\/wp-content\/uploads\/2018\/04\/ftg6150.jpg","datePublished":"2018-04-09T16:50:43+00:00","author":{"@id":"https:\/\/fotogasteiz.com\/blog\/#\/schema\/person\/386b1e39d61a4fd2da1f690fd4ec7799"},"breadcrumb":{"@id":"https:\/\/fotogasteiz.com\/blog\/postales-fotografias-muralla-avila\/#breadcrumb"},"inLanguage":"es","potentialAction":[{"@type":"ReadAction","target":["https:\/\/fotogasteiz.com\/blog\/postales-fotografias-muralla-avila\/"]}]},{"@type":"ImageObject","inLanguage":"es","@id":"https:\/\/fotogasteiz.com\/blog\/postales-fotografias-muralla-avila\/#primaryimage","url":"https:\/\/fotogasteiz.com\/blog\/wp-content\/uploads\/2018\/04\/ftg6150.jpg","contentUrl":"https:\/\/fotogasteiz.com\/blog\/wp-content\/uploads\/2018\/04\/ftg6150.jpg","width":1500,"height":1000},{"@type":"BreadcrumbList","@id":"https:\/\/fotogasteiz.com\/blog\/postales-fotografias-muralla-avila\/#breadcrumb","itemListElement":[{"@type":"ListItem","position":1,"name":"Portada","item":"https:\/\/fotogasteiz.com\/blog\/"},{"@type":"ListItem","position":2,"name":"Postales desde la muralla de \u00c1vila en Sepia"}]},{"@type":"WebSite","@id":"https:\/\/fotogasteiz.com\/blog\/#website","url":"https:\/\/fotogasteiz.com\/blog\/","name":"Profesor de fotograf\u00eda","description":"por Gustavo Bravo","potentialAction":[{"@type":"SearchAction","target":{"@type":"EntryPoint","urlTemplate":"https:\/\/fotogasteiz.com\/blog\/?s={search_term_string}"},"query-input":{"@type":"PropertyValueSpecification","valueRequired":true,"valueName":"search_term_string"}}],"inLanguage":"es"},{"@type":"Person","@id":"https:\/\/fotogasteiz.com\/blog\/#\/schema\/person\/386b1e39d61a4fd2da1f690fd4ec7799","name":"G. Bravo","image":{"@type":"ImageObject","inLanguage":"es","@id":"https:\/\/secure.gravatar.com\/avatar\/720f7abb2f92c551817b0af6bd3707495e3fa0095b60a26ffa4a0bad401d7f1c?s=96&d=mm&r=g","url":"https:\/\/secure.gravatar.com\/avatar\/720f7abb2f92c551817b0af6bd3707495e3fa0095b60a26ffa4a0bad401d7f1c?s=96&d=mm&r=g","contentUrl":"https:\/\/secure.gravatar.com\/avatar\/720f7abb2f92c551817b0af6bd3707495e3fa0095b60a26ffa4a0bad401d7f1c?s=96&d=mm&r=g","caption":"G. Bravo"}}]}},"_links":{"self":[{"href":"https:\/\/fotogasteiz.com\/blog\/wp-json\/wp\/v2\/posts\/5251","targetHints":{"allow":["GET"]}}],"collection":[{"href":"https:\/\/fotogasteiz.com\/blog\/wp-json\/wp\/v2\/posts"}],"about":[{"href":"https:\/\/fotogasteiz.com\/blog\/wp-json\/wp\/v2\/types\/post"}],"author":[{"embeddable":true,"href":"https:\/\/fotogasteiz.com\/blog\/wp-json\/wp\/v2\/users\/1"}],"replies":[{"embeddable":true,"href":"https:\/\/fotogasteiz.com\/blog\/wp-json\/wp\/v2\/comments?post=5251"}],"version-history":[{"count":2,"href":"https:\/\/fotogasteiz.com\/blog\/wp-json\/wp\/v2\/posts\/5251\/revisions"}],"predecessor-version":[{"id":5267,"href":"https:\/\/fotogasteiz.com\/blog\/wp-json\/wp\/v2\/posts\/5251\/revisions\/5267"}],"wp:featuredmedia":[{"embeddable":true,"href":"https:\/\/fotogasteiz.com\/blog\/wp-json\/wp\/v2\/media\/5256"}],"wp:attachment":[{"href":"https:\/\/fotogasteiz.com\/blog\/wp-json\/wp\/v2\/media?parent=5251"}],"wp:term":[{"taxonomy":"category","embeddable":true,"href":"https:\/\/fotogasteiz.com\/blog\/wp-json\/wp\/v2\/categories?post=5251"},{"taxonomy":"post_tag","embeddable":true,"href":"https:\/\/fotogasteiz.com\/blog\/wp-json\/wp\/v2\/tags?post=5251"}],"curies":[{"name":"wp","href":"https:\/\/api.w.org\/{rel}","templated":true}]}}